{"id":3560,"date":"2023-08-16T02:46:54","date_gmt":"2023-08-16T07:46:54","guid":{"rendered":"https:\/\/federacionsmpc.org\/?p=3560"},"modified":"2023-08-17T23:15:22","modified_gmt":"2023-08-18T04:15:22","slug":"balance-social","status":"publish","type":"post","link":"https:\/\/federacionsmpc.org\/index.php\/2023\/08\/16\/balance-social\/","title":{"rendered":"BALANCE SOCIAL DE GESTI\u00d3N 2021-2023"},"content":{"rendered":"\n<p class=\"has-drop-cap\" style=\"padding-top:var(--wp--preset--spacing--80);padding-right:var(--wp--preset--spacing--40);padding-bottom:var(--wp--preset--spacing--80);padding-left:var(--wp--preset--spacing--40);font-size:16px\">El pasado 8 de agosto la presidente de la Federaci\u00f3n Nacional de Sociedades de Mejoras P\u00fablicas de Colombia, Dra. Loreley Noriega, present\u00f3 el <strong>\u00abBalance Social de Gesti\u00f3n 2022: <em>Fedemejoras, valor para todos<\/em>\u00bb, <\/strong>que contiene la ejecuci\u00f3n de las distintas iniciativas, proyectos y programas alineados con la estrategia de sostenibilidad de la entidad; as\u00ed como un an\u00e1lisis cr\u00edtico de las SMP de hoy.<br><br>Adicionalmente, se refiri\u00f3 a la proyecci\u00f3n de los retos nacionales e internacionales que se avecinan para tener la capacidad de llevar a la Federaci\u00f3n hacia una meta segura y el liderazgo necesario para la sostenibilidad y prosperidad de las SMP.<\/p>\n\n\n\n<div data-wp-interactive=\"core\/file\" class=\"wp-block-file has-ast-global-color-2-background-color has-background has-link-color wp-elements-59e8775b46590765632f13ea6797d875\"><object data-wp-bind--hidden=\"!state.hasPdfPreview\" hidden class=\"wp-block-file__embed\" data=\"https:\/\/federacionsmpc.org\/wp-content\/uploads\/2023\/08\/BALANCE-SOCIAL-2021-2023-3.pdf\" type=\"application\/pdf\" style=\"width:100%;height:600px\" aria-label=\"Incrustado de &lt;strong&gt;BALANCE-SOCIAL-2021-2023-3&lt;\/strong&gt;.\"><\/object><a id=\"wp-block-file--media-2ac471d4-bb9b-4511-8132-5db29d30a910\" href=\"https:\/\/federacionsmpc.org\/wp-content\/uploads\/2023\/08\/BALANCE-SOCIAL-2021-2023-3.pdf\" target=\"_blank\" rel=\"noreferrer noopener\"><strong>BALANCE-SOCIAL-2021-2023-3<\/strong><\/a><\/div>\n","protected":false},"excerpt":{"rendered":"<p>En la Asamblea del mes de agosto de 2023 la Dra. Loreley Noriega presenta su Balance Social de Gesti\u00f3n del periodo 2021-2023.<\/p>\n","protected":false},"author":1,"featured_media":3578,"comment_status":"closed","ping_status":"open","sticky":false,"template":"","format":"standard","meta":{"_uag_custom_page_level_css":"","site-sidebar-layout":"default","site-content-layout":"","ast-site-content-layout":"default","site-content-style":"default","site-sidebar-style":"default","ast-global-header-display":"","ast-banner-title-visibility":"","ast-main-header-display":"disabled","ast-hfb-above-header-display":"disabled","ast-hfb-below-header-display":"","ast-hfb-mobile-header-display":"disabled","site-post-title":"","ast-breadcrumbs-content":"","ast-featured-img":"","footer-sml-layout":"","ast-disable-related-posts":"","theme-transparent-header-meta":"","adv-header-id-meta":"","stick-header-meta":"","header-above-stick-meta":"","header-main-stick-meta":"","header-below-stick-meta":"","astra-migrate-meta-layouts":"set","ast-page-background-enabled":"default","ast-page-background-meta":{"desktop":{"background-color":"var(--ast-global-color-4)","background-image":"","background-repeat":"repeat","background-position":"center center","background-size":"auto","background-attachment":"scroll","background-type":"","background-media":"","overlay-type":"","overlay-color":"","overlay-opacity":"","overlay-gradient":""},"tablet":{"background-color":"","background-image":"","background-repeat":"repeat","background-position":"center center","background-size":"auto","background-attachment":"scroll","background-type":"","background-media":"","overlay-type":"","overlay-color":"","overlay-opacity":"","overlay-gradient":""},"mobile":{"background-color":"","background-image":"","background-repeat":"repeat","background-position":"center center","background-size":"auto","background-attachment":"scroll","background-type":"","background-media":"","overlay-type":"","overlay-color":"","overlay-opacity":"","overlay-gradient":""}},"ast-content-background-meta":{"desktop":{"background-color":"var(--ast-global-color-5)","background-image":"","background-repeat":"repeat","background-position":"center center","background-size":"auto","background-attachment":"scroll","background-type":"","background-media":"","overlay-type":"","overlay-color":"","overlay-opacity":"","overlay-gradient":""},"tablet":{"background-color":"var(--ast-global-color-5)","background-image":"","background-repeat":"repeat","background-position":"center center","background-size":"auto","background-attachment":"scroll","background-type":"","background-media":"","overlay-type":"","overlay-color":"","overlay-opacity":"","overlay-gradient":""},"mobile":{"background-color":"var(--ast-global-color-5)","background-image":"","background-repeat":"repeat","background-position":"center center","background-size":"auto","background-attachment":"scroll","background-type":"","background-media":"","overlay-type":"","overlay-color":"","overlay-opacity":"","overlay-gradient":""}},"footnotes":""},"categories":[31,32],"tags":[],"class_list":["post-3560","post","type-post","status-publish","format-standard","has-post-thumbnail","hentry","category-documento","category-noticias"],"uagb_featured_image_src":{"full":["https:\/\/federacionsmpc.org\/wp-content\/uploads\/2023\/08\/social.jpg",1200,900,false],"thumbnail":["https:\/\/federacionsmpc.org\/wp-content\/uploads\/2023\/08\/social-150x150.jpg",150,150,true],"medium":["https:\/\/federacionsmpc.org\/wp-content\/uploads\/2023\/08\/social-300x225.jpg",300,225,true],"medium_large":["https:\/\/federacionsmpc.org\/wp-content\/uploads\/2023\/08\/social-768x576.jpg",768,576,true],"large":["https:\/\/federacionsmpc.org\/wp-content\/uploads\/2023\/08\/social-1024x768.jpg",1024,768,true],"1536x1536":["https:\/\/federacionsmpc.org\/wp-content\/uploads\/2023\/08\/social.jpg",1200,900,false],"2048x2048":["https:\/\/federacionsmpc.org\/wp-content\/uploads\/2023\/08\/social.jpg",1200,900,false]},"uagb_author_info":{"display_name":"admin","author_link":"https:\/\/federacionsmpc.org\/index.php\/author\/admin\/"},"uagb_comment_info":0,"uagb_excerpt":"En la Asamblea del mes de agosto de 2023 la Dra. Loreley Noriega presenta su Balance Social de Gesti\u00f3n del periodo 2021-2023.","_links":{"self":[{"href":"https:\/\/federacionsmpc.org\/index.php\/wp-json\/wp\/v2\/posts\/3560","targetHints":{"allow":["GET"]}}],"collection":[{"href":"https:\/\/federacionsmpc.org\/index.php\/wp-json\/wp\/v2\/posts"}],"about":[{"href":"https:\/\/federacionsmpc.org\/index.php\/wp-json\/wp\/v2\/types\/post"}],"author":[{"embeddable":true,"href":"https:\/\/federacionsmpc.org\/index.php\/wp-json\/wp\/v2\/users\/1"}],"replies":[{"embeddable":true,"href":"https:\/\/federacionsmpc.org\/index.php\/wp-json\/wp\/v2\/comments?post=3560"}],"version-history":[{"count":6,"href":"https:\/\/federacionsmpc.org\/index.php\/wp-json\/wp\/v2\/posts\/3560\/revisions"}],"predecessor-version":[{"id":3756,"href":"https:\/\/federacionsmpc.org\/index.php\/wp-json\/wp\/v2\/posts\/3560\/revisions\/3756"}],"wp:featuredmedia":[{"embeddable":true,"href":"https:\/\/federacionsmpc.org\/index.php\/wp-json\/wp\/v2\/media\/3578"}],"wp:attachment":[{"href":"https:\/\/federacionsmpc.org\/index.php\/wp-json\/wp\/v2\/media?parent=3560"}],"wp:term":[{"taxonomy":"category","embeddable":true,"href":"https:\/\/federacionsmpc.org\/index.php\/wp-json\/wp\/v2\/categories?post=3560"},{"taxonomy":"post_tag","embeddable":true,"href":"https:\/\/federacionsmpc.org\/index.php\/wp-json\/wp\/v2\/tags?post=3560"}],"curies":[{"name":"wp","href":"https:\/\/api.w.org\/{rel}","templated":true}]}}