{"id":3592,"date":"2023-08-16T14:09:24","date_gmt":"2023-08-16T19:09:24","guid":{"rendered":"https:\/\/federacionsmpc.org\/?p=3592"},"modified":"2023-08-17T12:48:00","modified_gmt":"2023-08-17T17:48:00","slug":"contexto-historico-legislativo","status":"publish","type":"post","link":"https:\/\/federacionsmpc.org\/index.php\/2023\/08\/16\/contexto-historico-legislativo\/","title":{"rendered":"CONTEXTO HIST\u00d3RICO LEGISLATIVO"},"content":{"rendered":"\n<p class=\"has-drop-cap\" style=\"margin-top:var(--wp--preset--spacing--80);margin-right:var(--wp--preset--spacing--40);margin-bottom:var(--wp--preset--spacing--80);margin-left:var(--wp--preset--spacing--40);font-size:16px\">La creaci\u00f3n y multiplicaci\u00f3n de la Sociedades de Mejoras P\u00fablicas en todo el territorio nacional, se dio bajo la tutela de la Constituci\u00f3n Pol\u00edtica de Colombia de 1886, que en su inciso 18 del art\u00edculo 76 promulgaba el fomento de entidades \u00fatiles para el pa\u00eds. A partir de este hito constitucional, esta ha sido su evoluci\u00f3n legislativa:<\/p>\n\n\n\n<div data-wp-interactive=\"core\/file\" class=\"wp-block-file has-ast-global-color-2-background-color has-background has-link-color wp-elements-cf05a148d7050cd18736f12c3705574f\"><object data-wp-bind--hidden=\"!state.hasPdfPreview\" hidden class=\"wp-block-file__embed\" data=\"https:\/\/federacionsmpc.org\/wp-content\/uploads\/2023\/08\/CONTEXTO-HISTORICO-LEGISLATIVO.pdf\" type=\"application\/pdf\" style=\"width:100%;height:600px\" aria-label=\"Incrustado de &lt;strong&gt;CONTEXTO-HISTORICO-LEGISLATIVO&lt;\/strong&gt;.\"><\/object><a id=\"wp-block-file--media-4bc65c70-d264-4421-9ee2-cb3c2663666f\" href=\"https:\/\/federacionsmpc.org\/wp-content\/uploads\/2023\/08\/CONTEXTO-HISTORICO-LEGISLATIVO.pdf\" target=\"_blank\" rel=\"noreferrer noopener\"><strong>CONTEXTO-HISTORICO-LEGISLATIVO<\/strong><\/a><\/div>\n","protected":false},"excerpt":{"rendered":"<p>La creaci\u00f3n de las SMP en todo el<br \/>\nterritorio nacional, se dio bajo la tutela de la Constituci\u00f3n Pol\u00edtica de Colombia de 1886, a partir de este hito constitucional, esta ha sido su evoluci\u00f3n legislativa:<\/p>\n","protected":false},"author":1,"featured_media":3594,"comment_status":"closed","ping_status":"open","sticky":false,"template":"","format":"standard","meta":{"_uag_custom_page_level_css":"","site-sidebar-layout":"default","site-content-layout":"","ast-site-content-layout":"default","site-content-style":"default","site-sidebar-style":"default","ast-global-header-display":"","ast-banner-title-visibility":"","ast-main-header-display":"disabled","ast-hfb-above-header-display":"disabled","ast-hfb-below-header-display":"","ast-hfb-mobile-header-display":"disabled","site-post-title":"","ast-breadcrumbs-content":"","ast-featured-img":"","footer-sml-layout":"","ast-disable-related-posts":"","theme-transparent-header-meta":"disabled","adv-header-id-meta":"","stick-header-meta":"","header-above-stick-meta":"","header-main-stick-meta":"","header-below-stick-meta":"","astra-migrate-meta-layouts":"set","ast-page-background-enabled":"default","ast-page-background-meta":{"desktop":{"background-color":"var(--ast-global-color-4)","background-image":"","background-repeat":"repeat","background-position":"center center","background-size":"auto","background-attachment":"scroll","background-type":"","background-media":"","overlay-type":"","overlay-color":"","overlay-opacity":"","overlay-gradient":""},"tablet":{"background-color":"","background-image":"","background-repeat":"repeat","background-position":"center center","background-size":"auto","background-attachment":"scroll","background-type":"","background-media":"","overlay-type":"","overlay-color":"","overlay-opacity":"","overlay-gradient":""},"mobile":{"background-color":"","background-image":"","background-repeat":"repeat","background-position":"center center","background-size":"auto","background-attachment":"scroll","background-type":"","background-media":"","overlay-type":"","overlay-color":"","overlay-opacity":"","overlay-gradient":""}},"ast-content-background-meta":{"desktop":{"background-color":"var(--ast-global-color-5)","background-image":"","background-repeat":"repeat","background-position":"center center","background-size":"auto","background-attachment":"scroll","background-type":"","background-media":"","overlay-type":"","overlay-color":"","overlay-opacity":"","overlay-gradient":""},"tablet":{"background-color":"var(--ast-global-color-5)","background-image":"","background-repeat":"repeat","background-position":"center center","background-size":"auto","background-attachment":"scroll","background-type":"","background-media":"","overlay-type":"","overlay-color":"","overlay-opacity":"","overlay-gradient":""},"mobile":{"background-color":"var(--ast-global-color-5)","background-image":"","background-repeat":"repeat","background-position":"center center","background-size":"auto","background-attachment":"scroll","background-type":"","background-media":"","overlay-type":"","overlay-color":"","overlay-opacity":"","overlay-gradient":""}},"footnotes":""},"categories":[31],"tags":[],"class_list":["post-3592","post","type-post","status-publish","format-standard","has-post-thumbnail","hentry","category-documento"],"uagb_featured_image_src":{"full":["https:\/\/federacionsmpc.org\/wp-content\/uploads\/2023\/08\/HISTORIA.jpg",1200,900,false],"thumbnail":["https:\/\/federacionsmpc.org\/wp-content\/uploads\/2023\/08\/HISTORIA-150x150.jpg",150,150,true],"medium":["https:\/\/federacionsmpc.org\/wp-content\/uploads\/2023\/08\/HISTORIA-300x225.jpg",300,225,true],"medium_large":["https:\/\/federacionsmpc.org\/wp-content\/uploads\/2023\/08\/HISTORIA-768x576.jpg",768,576,true],"large":["https:\/\/federacionsmpc.org\/wp-content\/uploads\/2023\/08\/HISTORIA-1024x768.jpg",1024,768,true],"1536x1536":["https:\/\/federacionsmpc.org\/wp-content\/uploads\/2023\/08\/HISTORIA.jpg",1200,900,false],"2048x2048":["https:\/\/federacionsmpc.org\/wp-content\/uploads\/2023\/08\/HISTORIA.jpg",1200,900,false]},"uagb_author_info":{"display_name":"admin","author_link":"https:\/\/federacionsmpc.org\/index.php\/author\/admin\/"},"uagb_comment_info":0,"uagb_excerpt":"La creaci\u00f3n de las SMP en todo el territorio nacional, se dio bajo la tutela de la Constituci\u00f3n Pol\u00edtica de Colombia de 1886, a partir de este hito constitucional, esta ha sido su evoluci\u00f3n legislativa:","_links":{"self":[{"href":"https:\/\/federacionsmpc.org\/index.php\/wp-json\/wp\/v2\/posts\/3592","targetHints":{"allow":["GET"]}}],"collection":[{"href":"https:\/\/federacionsmpc.org\/index.php\/wp-json\/wp\/v2\/posts"}],"about":[{"href":"https:\/\/federacionsmpc.org\/index.php\/wp-json\/wp\/v2\/types\/post"}],"author":[{"embeddable":true,"href":"https:\/\/federacionsmpc.org\/index.php\/wp-json\/wp\/v2\/users\/1"}],"replies":[{"embeddable":true,"href":"https:\/\/federacionsmpc.org\/index.php\/wp-json\/wp\/v2\/comments?post=3592"}],"version-history":[{"count":4,"href":"https:\/\/federacionsmpc.org\/index.php\/wp-json\/wp\/v2\/posts\/3592\/revisions"}],"predecessor-version":[{"id":3739,"href":"https:\/\/federacionsmpc.org\/index.php\/wp-json\/wp\/v2\/posts\/3592\/revisions\/3739"}],"wp:featuredmedia":[{"embeddable":true,"href":"https:\/\/federacionsmpc.org\/index.php\/wp-json\/wp\/v2\/media\/3594"}],"wp:attachment":[{"href":"https:\/\/federacionsmpc.org\/index.php\/wp-json\/wp\/v2\/media?parent=3592"}],"wp:term":[{"taxonomy":"category","embeddable":true,"href":"https:\/\/federacionsmpc.org\/index.php\/wp-json\/wp\/v2\/categories?post=3592"},{"taxonomy":"post_tag","embeddable":true,"href":"https:\/\/federacionsmpc.org\/index.php\/wp-json\/wp\/v2\/tags?post=3592"}],"curies":[{"name":"wp","href":"https:\/\/api.w.org\/{rel}","templated":true}]}}