{"id":3762,"date":"2023-08-17T22:58:48","date_gmt":"2023-08-18T03:58:48","guid":{"rendered":"https:\/\/federacionsmpc.org\/?p=3762"},"modified":"2023-08-17T23:07:29","modified_gmt":"2023-08-18T04:07:29","slug":"primer-encuentro-regional-de-smp","status":"publish","type":"post","link":"https:\/\/federacionsmpc.org\/index.php\/2023\/08\/17\/primer-encuentro-regional-de-smp\/","title":{"rendered":"PRIMER ENCUENTRO REGIONAL DE SMP"},"content":{"rendered":"\n<div class=\"wp-block-uagb-container uagb-block-04653fa8 alignfull uagb-is-root-container\"><div class=\"uagb-container-inner-blocks-wrap\">\n<figure class=\"wp-block-image alignwide size-large\"><img loading=\"lazy\" decoding=\"async\" width=\"1024\" height=\"256\" src=\"https:\/\/federacionsmpc.org\/wp-content\/uploads\/2023\/08\/ENC-VIRTUAL-1024x256.jpg\" alt=\"\" class=\"wp-image-3768\" srcset=\"https:\/\/federacionsmpc.org\/wp-content\/uploads\/2023\/08\/ENC-VIRTUAL-1024x256.jpg 1024w, https:\/\/federacionsmpc.org\/wp-content\/uploads\/2023\/08\/ENC-VIRTUAL-300x75.jpg 300w, https:\/\/federacionsmpc.org\/wp-content\/uploads\/2023\/08\/ENC-VIRTUAL-768x192.jpg 768w, https:\/\/federacionsmpc.org\/wp-content\/uploads\/2023\/08\/ENC-VIRTUAL.jpg 1200w\" sizes=\"auto, (max-width: 1024px) 100vw, 1024px\" \/><\/figure>\n<\/div><\/div>\n\n\n\n<div class=\"wp-block-uagb-container uagb-block-92d4c107 alignfull uagb-is-root-container\"><div class=\"uagb-container-inner-blocks-wrap\">\n<p class=\"has-drop-cap\" style=\"padding-top:0;padding-right:var(--wp--preset--spacing--50);padding-bottom:0;padding-left:var(--wp--preset--spacing--40)\">La Federaci\u00f3n Nacional de Sociedades de Mejoras P\u00fablicas de Colombia, de conformidad con su Plan de Acci\u00f3n Bienal, realiz\u00f3 el Primer Encuentro Regional de Sociedades de Mejoras P\u00fablicas del Suroriente Antioque\u00f1o &amp; Norte y Sur de Caldas, en modalidad virtual, con los actores responsables de las Sociedades de estas dos regiones.<br><br>A trav\u00e9s de una Mesa de Trabajo dimos los primeros pasos hacia un proceso colectivo de diagn\u00f3stico institucional que nos permita conocer la realidad de algunas SMP de Antioquia y de Caldas, as\u00ed como valorar y evaluar las pr\u00e1cticas institucionales vinculadas al an\u00e1lisis de cada una de estas, las acciones desarrolladas y las propuestas para resolver determinadas<br>situaciones.<br><br>Se abordaron tres aspectos b\u00e1sicos, a saber:<br><br><strong>1. Identificaci\u00f3n de las expectativas locales o sue\u00f1os de cada Sociedad.<br>2. Formulaci\u00f3n de los principales problemas.<br>3. Exposici\u00f3n de las causas y efectos provocados por el problema central.<\/strong><\/p>\n\n\n\n<div class=\"wp-block-uagb-advanced-heading uagb-block-120284e6\"><h4 class=\"uagb-heading-text\">Mesa de Trabajo<\/h4><\/div>\n\n\n\n<p style=\"margin-right:var(--wp--preset--spacing--50);margin-left:var(--wp--preset--spacing--40)\">Instalada la Mesa, iniciamos la reuni\u00f3n con la presentaci\u00f3n de los participantes, abordando estas tem\u00e1ticas:<br><br><strong>1. Estado actual de cada SMP y problem\u00e1ticas a discutir.<br>2. Experiencias a compartir. <br>3. Conclusiones para avanzar en un estado-diagn\u00f3stico.<\/strong><br><br>Para desarrollar esta primera mesa de trabajo, se invitaron las siguientes Sociedades:<br><br><strong>Antioquia:<\/strong> Abejorral, Andes, G\u00fcarne, Jeric\u00f3, Marinilla, Neira, Rionegro, Santuario y Sons\u00f3n.<br><strong>Caldas: <\/strong>P\u00e1cora, Aguadas, Anserma y Chinchin\u00e1,<br><br>Tambi\u00e9n se invitaron algunas Sociedades en formaci\u00f3n de la regi\u00f3n: El Retiro, Jard\u00edn y Santa Fe de Antioquia y nos acompa\u00f1aron las SMP de Medell\u00edn, Cartagena, Bucaramanga y Villavicencio.<\/p>\n\n\n\n<div class=\"wp-block-uagb-advanced-heading uagb-block-6928a95e\"><h4 class=\"uagb-heading-text\">AGENDA<\/h4><\/div>\n\n\n\n<p style=\"padding-right:var(--wp--preset--spacing--50);padding-left:var(--wp--preset--spacing--40)\"><strong>1. Minuto de silencio en memoria de Jos\u00e9 Mario Botero, Presidente de la SMP de Sons\u00f3n. <br>2. Oraci\u00f3n c\u00edvica a cargo del representante de la SMP de Aguadas. <br>3. Participaci\u00f3n de los asistentes, con presentaci\u00f3n de las propuestas, pr\u00e1cticas y actividades vigentes en cada SMP para aportar a un diagn\u00f3stico. <br>4. Situaci\u00f3n actual de cada SMP. <br>5. Experiencias importantes a compartir.<br>6. Aproximaci\u00f3n a un diagn\u00f3stico.<\/strong><br><br>La Mesa de Trabajo virtual discurri\u00f3 alrededor de las problem\u00e1ticas y los aportes de sus Sociedades, de tal manera que nos permiti\u00f3 conocernos mejor, evaluar su estado actual, aclarar ciertos conceptos y procurar algunas recomendaciones.<br><br>Igualmente, se detectaron las posibles causas y efectos de los problemas administrativos y se esbozaron algunas alternativas de soluci\u00f3n encaminadas a ayudar a la erradicaci\u00f3n de los problemas planteados, con las siguientes conclusiones:<br><br>* Existe una destacada competencia profesional en la mayor\u00eda de las SMP.<br><br>* Los intercambios entre diferentes SMP son importantes y permiten avanzar, aprendiendo unos de otros, especialmente entre las Sociedades de municipios cercanos.<br><br>* Evitar, en lo posible, la entrega de bienes inmuebles a los entes territoriales, aunque ello signifique cambiar su destinaci\u00f3n o reinventar otros \u201cemprendimientos econ\u00f3micos\u201d. As\u00ed entonces, un teatro es un espacio importante, pero de uso limitado y hoy estos espacios deber\u00edan abrirse a otras actividades y\/o actividades que aseguren la sostenibilidad del mismo y de la SMP.<br><br>* Se requiere definir estrategias de comunicaci\u00f3n para garantizar la difusi\u00f3n masiva de los proyectos, facilitar procesos y formar opini\u00f3n, tan fundamentales para el desarrollo de las Sociedades y de la comunidad. Todas ellas deben salir del seno de cada Sociedad.<br><br>* Estructurar un acuerdo entre estas Sociedades que est\u00e1n pr\u00f3ximas geogr\u00e1ficamente, con el prop\u00f3sito de ayudarse unas a otras, crecer y fortalecerse.<br><br>* Realizar los siguientes Encuentros Regionales, bajo la direcci\u00f3n de la Federaci\u00f3n Nacional y con la coordinaci\u00f3n de las Sociedades de cada regi\u00f3n, de conformidad con lo dispuesto en los Estatutos del ente regulador y aglutinador de las SMP.<br><br>Parafraseando a Mar\u00eda Mercedes Carranza, en la Federaci\u00f3n hay que tener una camisa de grandeza; pero, tambi\u00e9n otra de realismo. Y eso es lo que haciendo: nos estamos poniendo la camisa de la realidad regional.<br><br><br>Loreley Noriega A.<br>Presidente Nacional<\/p>\n<\/div><\/div>\n","protected":false},"excerpt":{"rendered":"<p>La Federaci\u00f3n Nacional de Sociedades de Mejoras P\u00fablicas de Colombia, de conformidad con su Plan de Acci\u00f3n Bienal, realiz\u00f3 el Primer Encuentro Regional de Sociedades de Mejoras P\u00fablicas del Suroriente Antioque\u00f1o &amp; Norte y Sur de Caldas, en modalidad virtual, con los actores responsables de las Sociedades de estas dos regiones. A trav\u00e9s de una [&hellip;]<\/p>\n","protected":false},"author":1,"featured_media":3765,"comment_status":"closed","ping_status":"open","sticky":false,"template":"","format":"standard","meta":{"_uag_custom_page_level_css":"","site-sidebar-layout":"default","site-content-layout":"","ast-site-content-layout":"default","site-content-style":"default","site-sidebar-style":"default","ast-global-header-display":"","ast-banner-title-visibility":"","ast-main-header-display":"disabled","ast-hfb-above-header-display":"disabled","ast-hfb-below-header-display":"","ast-hfb-mobile-header-display":"disabled","site-post-title":"","ast-breadcrumbs-content":"","ast-featured-img":"","footer-sml-layout":"","ast-disable-related-posts":"","theme-transparent-header-meta":"disabled","adv-header-id-meta":"","stick-header-meta":"","header-above-stick-meta":"","header-main-stick-meta":"","header-below-stick-meta":"","astra-migrate-meta-layouts":"set","ast-page-background-enabled":"default","ast-page-background-meta":{"desktop":{"background-color":"var(--ast-global-color-4)","background-image":"","background-repeat":"repeat","background-position":"center center","background-size":"auto","background-attachment":"scroll","background-type":"","background-media":"","overlay-type":"","overlay-color":"","overlay-opacity":"","overlay-gradient":""},"tablet":{"background-color":"","background-image":"","background-repeat":"repeat","background-position":"center center","background-size":"auto","background-attachment":"scroll","background-type":"","background-media":"","overlay-type":"","overlay-color":"","overlay-opacity":"","overlay-gradient":""},"mobile":{"background-color":"","background-image":"","background-repeat":"repeat","background-position":"center center","background-size":"auto","background-attachment":"scroll","background-type":"","background-media":"","overlay-type":"","overlay-color":"","overlay-opacity":"","overlay-gradient":""}},"ast-content-background-meta":{"desktop":{"background-color":"var(--ast-global-color-5)","background-image":"","background-repeat":"repeat","background-position":"center center","background-size":"auto","background-attachment":"scroll","background-type":"","background-media":"","overlay-type":"","overlay-color":"","overlay-opacity":"","overlay-gradient":""},"tablet":{"background-color":"var(--ast-global-color-5)","background-image":"","background-repeat":"repeat","background-position":"center center","background-size":"auto","background-attachment":"scroll","background-type":"","background-media":"","overlay-type":"","overlay-color":"","overlay-opacity":"","overlay-gradient":""},"mobile":{"background-color":"var(--ast-global-color-5)","background-image":"","background-repeat":"repeat","background-position":"center center","background-size":"auto","background-attachment":"scroll","background-type":"","background-media":"","overlay-type":"","overlay-color":"","overlay-opacity":"","overlay-gradient":""}},"footnotes":""},"categories":[32],"tags":[],"class_list":["post-3762","post","type-post","status-publish","format-standard","has-post-thumbnail","hentry","category-noticias"],"uagb_featured_image_src":{"full":["https:\/\/federacionsmpc.org\/wp-content\/uploads\/2023\/08\/ENCUENTRO-VIRTUAL.jpg",1200,902,false],"thumbnail":["https:\/\/federacionsmpc.org\/wp-content\/uploads\/2023\/08\/ENCUENTRO-VIRTUAL-150x150.jpg",150,150,true],"medium":["https:\/\/federacionsmpc.org\/wp-content\/uploads\/2023\/08\/ENCUENTRO-VIRTUAL-300x226.jpg",300,226,true],"medium_large":["https:\/\/federacionsmpc.org\/wp-content\/uploads\/2023\/08\/ENCUENTRO-VIRTUAL-768x577.jpg",768,577,true],"large":["https:\/\/federacionsmpc.org\/wp-content\/uploads\/2023\/08\/ENCUENTRO-VIRTUAL-1024x770.jpg",1024,770,true],"1536x1536":["https:\/\/federacionsmpc.org\/wp-content\/uploads\/2023\/08\/ENCUENTRO-VIRTUAL.jpg",1200,902,false],"2048x2048":["https:\/\/federacionsmpc.org\/wp-content\/uploads\/2023\/08\/ENCUENTRO-VIRTUAL.jpg",1200,902,false]},"uagb_author_info":{"display_name":"admin","author_link":"https:\/\/federacionsmpc.org\/index.php\/author\/admin\/"},"uagb_comment_info":0,"uagb_excerpt":"La Federaci\u00f3n Nacional de Sociedades de Mejoras P\u00fablicas de Colombia, de conformidad con su Plan de Acci\u00f3n Bienal, realiz\u00f3 el Primer Encuentro Regional de Sociedades de Mejoras P\u00fablicas del Suroriente Antioque\u00f1o &amp; Norte y Sur de Caldas, en modalidad virtual, con los actores responsables de las Sociedades de estas dos regiones. A trav\u00e9s de una&hellip;","_links":{"self":[{"href":"https:\/\/federacionsmpc.org\/index.php\/wp-json\/wp\/v2\/posts\/3762","targetHints":{"allow":["GET"]}}],"collection":[{"href":"https:\/\/federacionsmpc.org\/index.php\/wp-json\/wp\/v2\/posts"}],"about":[{"href":"https:\/\/federacionsmpc.org\/index.php\/wp-json\/wp\/v2\/types\/post"}],"author":[{"embeddable":true,"href":"https:\/\/federacionsmpc.org\/index.php\/wp-json\/wp\/v2\/users\/1"}],"replies":[{"embeddable":true,"href":"https:\/\/federacionsmpc.org\/index.php\/wp-json\/wp\/v2\/comments?post=3762"}],"version-history":[{"count":9,"href":"https:\/\/federacionsmpc.org\/index.php\/wp-json\/wp\/v2\/posts\/3762\/revisions"}],"predecessor-version":[{"id":3776,"href":"https:\/\/federacionsmpc.org\/index.php\/wp-json\/wp\/v2\/posts\/3762\/revisions\/3776"}],"wp:featuredmedia":[{"embeddable":true,"href":"https:\/\/federacionsmpc.org\/index.php\/wp-json\/wp\/v2\/media\/3765"}],"wp:attachment":[{"href":"https:\/\/federacionsmpc.org\/index.php\/wp-json\/wp\/v2\/media?parent=3762"}],"wp:term":[{"taxonomy":"category","embeddable":true,"href":"https:\/\/federacionsmpc.org\/index.php\/wp-json\/wp\/v2\/categories?post=3762"},{"taxonomy":"post_tag","embeddable":true,"href":"https:\/\/federacionsmpc.org\/index.php\/wp-json\/wp\/v2\/tags?post=3762"}],"curies":[{"name":"wp","href":"https:\/\/api.w.org\/{rel}","templated":true}]}}