{"id":3780,"date":"2023-08-17T23:44:44","date_gmt":"2023-08-18T04:44:44","guid":{"rendered":"https:\/\/federacionsmpc.org\/?p=3780"},"modified":"2023-08-17T23:56:05","modified_gmt":"2023-08-18T04:56:05","slug":"nueva-junta-directiva-2023-2025","status":"publish","type":"post","link":"https:\/\/federacionsmpc.org\/index.php\/2023\/08\/17\/nueva-junta-directiva-2023-2025\/","title":{"rendered":"Nueva Junta Directiva 2023 &#8211; 2025"},"content":{"rendered":"\n<p> <\/p>\n\n\n\n<p class=\"has-drop-cap\" style=\"padding-top:var(--wp--preset--spacing--70);padding-bottom:var(--wp--preset--spacing--70);font-size:16px\"><strong>E<\/strong>l pasado 8 de agosto la presidente de la Federaci\u00f3n Nacional de Sociedades de Mejoras P\u00fablicas de Colombia, Dra. Loreley Noriega, culminado su segundo periodo en la Presidencia,  se prepara para recibir a su sucesor el Ingeniero Civil Herman Estrada y a los nuevos miembros de la junta directiva electa para el periodo 2023-2025.<\/p>\n\n\n\n<div class=\"wp-block-uagb-container uagb-block-f1db0c7f alignfull uagb-is-root-container\"><div class=\"uagb-container-inner-blocks-wrap\">\n<div class=\"wp-block-uagb-container uagb-block-9be9977d alignfull uagb-is-root-container\"><div class=\"uagb-container-inner-blocks-wrap\">\n<div class=\"wp-block-uagb-advanced-heading uagb-block-629add31\"><h4 class=\"uagb-heading-text\">Nueva Junta Directiva para el periodo <strong>2023 -2025<\/strong><\/h4><\/div>\n\n\n\n<div class=\"wp-block-uagb-container uagb-block-603887dc alignfull uagb-is-root-container\"><div class=\"uagb-container-inner-blocks-wrap\">\n<div class=\"wp-block-uagb-info-box uagb-block-8395508c uagb-infobox__content-wrap  uagb-infobox-icon-above-title uagb-infobox-image-valign-top\"><div class=\"uagb-ifb-content\"><div class=\"uagb-ifb-image-content\"><img decoding=\"async\" src=\"https:\/\/federacionsmpc.org\/wp-content\/uploads\/2023\/08\/herman-salazar-ef-300x300.jpg\" alt=\"\" width=\"\" height=\"0\" loading=\"lazy\"\/><\/div><div class=\"uagb-ifb-title-wrap\"><h3 class=\"uagb-ifb-title\">Herman Estrada Mej\u00eda<br>Presidente<\/h3><\/div><p class=\"uagb-ifb-desc\">Ingeniero Civil. Representa a la Sociedad de Mejoras P\u00fablicas de Manizales.<\/p><\/div><\/div>\n\n\n\n<div class=\"wp-block-uagb-info-box uagb-block-69e096cb uagb-infobox__content-wrap  uagb-infobox-icon-above-title uagb-infobox-image-valign-top\"><div class=\"uagb-ifb-content\"><div class=\"uagb-ifb-image-content\"><img decoding=\"async\" src=\"https:\/\/federacionsmpc.org\/wp-content\/uploads\/2023\/08\/LNA1-300x300.jpg\" alt=\"\" width=\"\" height=\"0\" loading=\"lazy\"\/><\/div><div class=\"uagb-ifb-title-wrap\"><h3 class=\"uagb-ifb-title\">Loreley Noriega Acosta<br>Vicepresidente<\/h3><\/div><p class=\"uagb-ifb-desc\">Abogada, especialista en Derecho Financiero y en Derecho P\u00fablico Financiero.<br>Consultora en Derecho Urbano; Exgobernadora (E) de Casanare; con destacada trayectoria en el sector p\u00fablico y privado. Dirigente gremial, cultural y social. Representa a la Sociedad de Mejoras P\u00fablicas de Villavicencio.<\/p><\/div><\/div>\n\n\n\n<div class=\"wp-block-uagb-info-box uagb-block-ad74120e uagb-infobox__content-wrap  uagb-infobox-icon-above-title uagb-infobox-image-valign-top\"><div class=\"uagb-ifb-content\"><div class=\"uagb-ifb-image-content\"><img decoding=\"async\" src=\"https:\/\/federacionsmpc.org\/wp-content\/uploads\/2023\/08\/7-2-300x300.jpg\" alt=\"\" width=\"\" height=\"0\" loading=\"lazy\"\/><\/div><div class=\"uagb-ifb-title-wrap\"><h3 class=\"uagb-ifb-title\">Carlos Roberto Pombo U.<br>Primer Vocal Principal<\/h3><\/div><p class=\"uagb-ifb-desc\">Arquitecto con especializaciones en planeamiento urbano y regional, con amplia experiencia en el sector p\u00fablico y privado. Docente e investigador en planeamiento urbano. Dirigente gremial y social. Representa a la Sociedad de Mejoras y Ornato de Bogot\u00e1.<br><\/p><\/div><\/div>\n<\/div><\/div>\n\n\n\n<div class=\"wp-block-uagb-container uagb-block-d09ec8ca alignfull uagb-is-root-container\"><div class=\"uagb-container-inner-blocks-wrap\">\n<div class=\"wp-block-uagb-info-box uagb-block-05c54ca1 uagb-infobox__content-wrap  uagb-infobox-icon-above-title uagb-infobox-image-valign-top\"><div class=\"uagb-ifb-content\"><div class=\"uagb-ifb-image-content\"><img decoding=\"async\" src=\"https:\/\/federacionsmpc.org\/wp-content\/uploads\/2023\/08\/6-300x300.jpg\" alt=\"\" width=\"\" height=\"0\" loading=\"lazy\"\/><\/div><div class=\"uagb-ifb-title-wrap\"><h3 class=\"uagb-ifb-title\">Lina Mar\u00eda Acosta de Rizo<br>Segunda Vocal Principal<\/h3><\/div><p class=\"uagb-ifb-desc\">Arquitecta. Empresaria y dirigente c\u00edvica. Representa a la Sociedad de Mejoras P\u00fablicas de Cartagena.<br><\/p><\/div><\/div>\n\n\n\n<div class=\"wp-block-uagb-info-box uagb-block-94fc42a1 uagb-infobox__content-wrap  uagb-infobox-icon-above-title uagb-infobox-image-valign-top\"><div class=\"uagb-ifb-content\"><div class=\"uagb-ifb-image-content\"><img decoding=\"async\" src=\"https:\/\/federacionsmpc.org\/wp-content\/uploads\/2023\/08\/benardo-yopal-300x300.jpg\" alt=\"\" width=\"\" height=\"0\" loading=\"lazy\"\/><\/div><div class=\"uagb-ifb-title-wrap\"><h3 class=\"uagb-ifb-title\">Juan Bernardo Serrano<br>Tercer Vocal Principal<\/h3><\/div><p class=\"uagb-ifb-desc\">Administrador de Empresas.<br>Empresario y excandidato a la Gobernaci\u00f3n del Casanare y a la C\u00e1mara de Representantes.<br>Representa a la Sociedad de Mejoras P\u00fablicas de Yopal<\/p><\/div><\/div>\n\n\n\n<div class=\"wp-block-uagb-info-box uagb-block-b35cdad0 uagb-infobox__content-wrap  uagb-infobox-icon-above-title uagb-infobox-image-valign-top\"><div class=\"uagb-ifb-content\"><div class=\"uagb-ifb-title-wrap\"><h3 class=\"uagb-ifb-title\"><br>\u00d3scar Salazar Garc\u00eda<br>Primer Vocal Suplente<br>SMP de Chinchin\u00e1<br>____________________<br><br>Edgar Augusto Corrales<br>Segundo Vocal Suplente<br>SMP de Anserma<br>____________________<br><br>\u00c1ngela Giraldo<br>Tercera Vocal Suplente<br>SMP de Marinilla<\/h3><\/div><\/div><\/div>\n<\/div><\/div>\n<\/div><\/div>\n<\/div><\/div>\n","protected":false},"excerpt":{"rendered":"<p>El pasado 8 de agosto la presidente de la Federaci\u00f3n Nacional de Sociedades de Mejoras P\u00fablicas de Colombia, Dra. Loreley Noriega, culminado su segundo periodo en la Presidencia, se prepara para recibir a su sucesor el Ingeniero Civil Herman Estrada y a los nuevos miembros de la junta directiva electa para el periodo 2023-2025. Nueva [&hellip;]<\/p>\n","protected":false},"author":1,"featured_media":3788,"comment_status":"closed","ping_status":"open","sticky":false,"template":"","format":"standard","meta":{"_uag_custom_page_level_css":"","site-sidebar-layout":"default","site-content-layout":"","ast-site-content-layout":"default","site-content-style":"default","site-sidebar-style":"default","ast-global-header-display":"disabled","ast-banner-title-visibility":"","ast-main-header-display":"","ast-hfb-above-header-display":"","ast-hfb-below-header-display":"","ast-hfb-mobile-header-display":"","site-post-title":"","ast-breadcrumbs-content":"","ast-featured-img":"","footer-sml-layout":"disabled","ast-disable-related-posts":"","theme-transparent-header-meta":"","adv-header-id-meta":"","stick-header-meta":"","header-above-stick-meta":"","header-main-stick-meta":"","header-below-stick-meta":"","astra-migrate-meta-layouts":"set","ast-page-background-enabled":"default","ast-page-background-meta":{"desktop":{"background-color":"var(--ast-global-color-4)","background-image":"","background-repeat":"repeat","background-position":"center center","background-size":"auto","background-attachment":"scroll","background-type":"","background-media":"","overlay-type":"","overlay-color":"","overlay-opacity":"","overlay-gradient":""},"tablet":{"background-color":"","background-image":"","background-repeat":"repeat","background-position":"center center","background-size":"auto","background-attachment":"scroll","background-type":"","background-media":"","overlay-type":"","overlay-color":"","overlay-opacity":"","overlay-gradient":""},"mobile":{"background-color":"","background-image":"","background-repeat":"repeat","background-position":"center center","background-size":"auto","background-attachment":"scroll","background-type":"","background-media":"","overlay-type":"","overlay-color":"","overlay-opacity":"","overlay-gradient":""}},"ast-content-background-meta":{"desktop":{"background-color":"var(--ast-global-color-5)","background-image":"","background-repeat":"repeat","background-position":"center center","background-size":"auto","background-attachment":"scroll","background-type":"","background-media":"","overlay-type":"","overlay-color":"","overlay-opacity":"","overlay-gradient":""},"tablet":{"background-color":"var(--ast-global-color-5)","background-image":"","background-repeat":"repeat","background-position":"center center","background-size":"auto","background-attachment":"scroll","background-type":"","background-media":"","overlay-type":"","overlay-color":"","overlay-opacity":"","overlay-gradient":""},"mobile":{"background-color":"var(--ast-global-color-5)","background-image":"","background-repeat":"repeat","background-position":"center center","background-size":"auto","background-attachment":"scroll","background-type":"","background-media":"","overlay-type":"","overlay-color":"","overlay-opacity":"","overlay-gradient":""}},"footnotes":""},"categories":[31,32],"tags":[],"class_list":["post-3780","post","type-post","status-publish","format-standard","has-post-thumbnail","hentry","category-documento","category-noticias"],"uagb_featured_image_src":{"full":["https:\/\/federacionsmpc.org\/wp-content\/uploads\/2023\/08\/NUEVA-JUNTA.jpg",1200,900,false],"thumbnail":["https:\/\/federacionsmpc.org\/wp-content\/uploads\/2023\/08\/NUEVA-JUNTA-150x150.jpg",150,150,true],"medium":["https:\/\/federacionsmpc.org\/wp-content\/uploads\/2023\/08\/NUEVA-JUNTA-300x225.jpg",300,225,true],"medium_large":["https:\/\/federacionsmpc.org\/wp-content\/uploads\/2023\/08\/NUEVA-JUNTA-768x576.jpg",768,576,true],"large":["https:\/\/federacionsmpc.org\/wp-content\/uploads\/2023\/08\/NUEVA-JUNTA-1024x768.jpg",1024,768,true],"1536x1536":["https:\/\/federacionsmpc.org\/wp-content\/uploads\/2023\/08\/NUEVA-JUNTA.jpg",1200,900,false],"2048x2048":["https:\/\/federacionsmpc.org\/wp-content\/uploads\/2023\/08\/NUEVA-JUNTA.jpg",1200,900,false]},"uagb_author_info":{"display_name":"admin","author_link":"https:\/\/federacionsmpc.org\/index.php\/author\/admin\/"},"uagb_comment_info":0,"uagb_excerpt":"El pasado 8 de agosto la presidente de la Federaci\u00f3n Nacional de Sociedades de Mejoras P\u00fablicas de Colombia, Dra. Loreley Noriega, culminado su segundo periodo en la Presidencia, se prepara para recibir a su sucesor el Ingeniero Civil Herman Estrada y a los nuevos miembros de la junta directiva electa para el periodo 2023-2025. Nueva&hellip;","_links":{"self":[{"href":"https:\/\/federacionsmpc.org\/index.php\/wp-json\/wp\/v2\/posts\/3780","targetHints":{"allow":["GET"]}}],"collection":[{"href":"https:\/\/federacionsmpc.org\/index.php\/wp-json\/wp\/v2\/posts"}],"about":[{"href":"https:\/\/federacionsmpc.org\/index.php\/wp-json\/wp\/v2\/types\/post"}],"author":[{"embeddable":true,"href":"https:\/\/federacionsmpc.org\/index.php\/wp-json\/wp\/v2\/users\/1"}],"replies":[{"embeddable":true,"href":"https:\/\/federacionsmpc.org\/index.php\/wp-json\/wp\/v2\/comments?post=3780"}],"version-history":[{"count":3,"href":"https:\/\/federacionsmpc.org\/index.php\/wp-json\/wp\/v2\/posts\/3780\/revisions"}],"predecessor-version":[{"id":3792,"href":"https:\/\/federacionsmpc.org\/index.php\/wp-json\/wp\/v2\/posts\/3780\/revisions\/3792"}],"wp:featuredmedia":[{"embeddable":true,"href":"https:\/\/federacionsmpc.org\/index.php\/wp-json\/wp\/v2\/media\/3788"}],"wp:attachment":[{"href":"https:\/\/federacionsmpc.org\/index.php\/wp-json\/wp\/v2\/media?parent=3780"}],"wp:term":[{"taxonomy":"category","embeddable":true,"href":"https:\/\/federacionsmpc.org\/index.php\/wp-json\/wp\/v2\/categories?post=3780"},{"taxonomy":"post_tag","embeddable":true,"href":"https:\/\/federacionsmpc.org\/index.php\/wp-json\/wp\/v2\/tags?post=3780"}],"curies":[{"name":"wp","href":"https:\/\/api.w.org\/{rel}","templated":true}]}}